{"id":4683,"date":"2026-09-03T13:34:03","date_gmt":"2026-09-03T11:34:03","guid":{"rendered":"https:\/\/www.ff-preinsbach.at\/webneu\/?p=4683"},"modified":"2026-09-03T13:40:22","modified_gmt":"2026-09-03T11:40:22","slug":"wenn-der-akku-zum-brandstifter-wird","status":"publish","type":"post","link":"https:\/\/www.ff-preinsbach.at\/webneu\/wenn-der-akku-zum-brandstifter-wird\/","title":{"rendered":"Wenn der Akku zum Brandstifter wird"},"content":{"rendered":"\t\t<div data-elementor-type=\"wp-post\" data-elementor-id=\"4683\" class=\"elementor elementor-4683\">\n\t\t\t\t\t\t<section class=\"elementor-section elementor-top-section elementor-element elementor-element-76d4974c elementor-section-boxed elementor-section-height-default elementor-section-height-default exad-glass-effect-no exad-sticky-section-no\" data-id=\"76d4974c\" data-element_type=\"section\" data-e-type=\"section\">\n\t\t\t\t\t\t<div class=\"elementor-container elementor-column-gap-default\">\n\t\t\t\t\t<div class=\"elementor-column elementor-col-50 elementor-top-column elementor-element elementor-element-32f6bb09 exad-glass-effect-no exad-sticky-section-no\" data-id=\"32f6bb09\" data-element_type=\"column\" data-e-type=\"column\">\n\t\t\t<div class=\"elementor-widget-wrap elementor-element-populated\">\n\t\t\t\t\t\t<div class=\"elementor-element elementor-element-37262a1d exad-sticky-section-no exad-glass-effect-no elementor-invisible elementor-widget elementor-widget-image\" data-id=\"37262a1d\" data-element_type=\"widget\" data-e-type=\"widget\" data-settings=\"{&quot;_animation&quot;:&quot;rotateIn&quot;}\" data-widget_type=\"image.default\">\n\t\t\t\t<div class=\"elementor-widget-container\">\n\t\t\t\t\t\t\t\t\t\t\t\t\t\t\t<img fetchpriority=\"high\" decoding=\"async\" width=\"800\" height=\"534\" src=\"https:\/\/www.ff-preinsbach.at\/webneu\/wp-content\/uploads\/2026\/09\/Stefan-Schaub-1024x684.jpg\" class=\"attachment-large size-large wp-image-4684\" alt=\"\" srcset=\"https:\/\/www.ff-preinsbach.at\/webneu\/wp-content\/uploads\/2026\/09\/Stefan-Schaub-1024x684.jpg 1024w, https:\/\/www.ff-preinsbach.at\/webneu\/wp-content\/uploads\/2026\/09\/Stefan-Schaub-300x200.jpg 300w, https:\/\/www.ff-preinsbach.at\/webneu\/wp-content\/uploads\/2026\/09\/Stefan-Schaub-768x513.jpg 768w, https:\/\/www.ff-preinsbach.at\/webneu\/wp-content\/uploads\/2026\/09\/Stefan-Schaub.jpg 1200w\" sizes=\"(max-width: 800px) 100vw, 800px\" \/>\t\t\t\t\t\t\t\t\t\t\t\t\t\t\t<\/div>\n\t\t\t\t<\/div>\n\t\t\t\t<div class=\"elementor-element elementor-element-5de09c0d exad-sticky-section-no exad-glass-effect-no elementor-widget elementor-widget-text-editor\" data-id=\"5de09c0d\" data-element_type=\"widget\" data-e-type=\"widget\" data-widget_type=\"text-editor.default\">\n\t\t\t\t<div class=\"elementor-widget-container\">\n\t\t\t\t\t\t\t\t\t<p>Foto (Archiv): Abschnittsfeuerwehrkommandant Stefan Schaub mit Karl Etlinger<\/p>\t\t\t\t\t\t\t\t<\/div>\n\t\t\t\t<\/div>\n\t\t\t\t\t<\/div>\n\t\t<\/div>\n\t\t\t\t<div class=\"elementor-column elementor-col-50 elementor-top-column elementor-element elementor-element-150ea851 exad-glass-effect-no exad-sticky-section-no\" data-id=\"150ea851\" data-element_type=\"column\" data-e-type=\"column\">\n\t\t\t<div class=\"elementor-widget-wrap elementor-element-populated\">\n\t\t\t\t\t\t<div class=\"elementor-element elementor-element-19f75f89 exad-sticky-section-no exad-glass-effect-no elementor-widget elementor-widget-text-editor\" data-id=\"19f75f89\" data-element_type=\"widget\" data-e-type=\"widget\" data-widget_type=\"text-editor.default\">\n\t\t\t\t<div class=\"elementor-widget-container\">\n\t\t\t\t\t\t\t\t\t<div>&#8222;Lithium-Ionen-Akkus sind aus unserem Alltag nicht mehr wegzudenken. F\u00fcr die Feuerwehren werden falsch gelagerte, besch\u00e4digte oder entsorgte Akkus aber zunehmend zum Problem&#8220;, informiert Abschnittsfeuerwehrkommandant Stefan Schaub, im Bezirksfeuerwehrkommando Amstetten zust\u00e4ndiger Experte f\u00fcr Vorbeugenden Brandschutz.<br><br><\/div>\n<div><b>Feuerwehrmann Stefan Schaub informiert:<\/b><\/div>\n<div><br><\/div><div>Handy, E-Bike, Akkuschrauber, Laptop, E-Zigarette oder elektrische Zahnb\u00fcrste \u2013 Lithium-Ionen-Akkus stecken mittlerweile in unz\u00e4hligen Ger\u00e4ten. Sie speichern viel Energie auf kleinstem Raum und sind bei bestimmungsgem\u00e4\u00dfem Gebrauch grunds\u00e4tzlich sicher.<br><br><\/div>\n<div>Doch wenn ein Akku besch\u00e4digt, \u00fcberhitzt, falsch geladen oder unsachgem\u00e4\u00df entsorgt wird, kann daraus schnell ein Brand entstehen.<br><br>F\u00fcr die Feuerwehren ist das l\u00e4ngst keine theoretische Gefahr mehr. Auch im Bezirk Amstetten kam es bereits zu Br\u00e4nden, bei denen besch\u00e4digte Akkus als m\u00f6gliche Z\u00fcndquelle eine Rolle spielten. In Greinsfurth wurde beispielsweise ein Wohnhaus durch einen brennenden Laptop-Akku schwer besch\u00e4digt.<\/div>\n<div><strong>&nbsp;<\/strong><\/div>\n<div><strong>Unsichtbare Sch\u00e4den sind besonders t\u00fcckisch<\/strong><\/div>\n<div>&nbsp;<\/div>\n<div>Ein Sturz oder Schlag muss einem Akku \u00e4u\u00dferlich nicht anzusehen sein. Im Inneren k\u00f6nnen jedoch Zellen oder Schutzmembranen besch\u00e4digt werden. Beim sp\u00e4teren Laden kann es zu einem Kurzschluss und einer unkontrollierten Erw\u00e4rmung kommen.<\/div>\n<div>&nbsp;<\/div>\n<div>Feuerwehren sprechen in diesem Zusammenhang vom \u201eThermal Runaway\u201c, dem thermischen Durchgehen einer Akkuzelle. Dabei kann sich die gespeicherte Energie innerhalb k\u00fcrzester Zeit freisetzen. Es entstehen hohe Temperaturen und brennbare Gase, die einen Brand sehr schnell eskalieren lassen k\u00f6nnen.<\/div>\n<div>&nbsp;<\/div>\n<div>Deshalb gilt: Besch\u00e4digte, verformte oder ungew\u00f6hnlich hei\u00df werdende Akkus nicht mehr verwenden und keinesfalls weiterladen.<\/div>\n<div>&nbsp;<\/div>\n<div>Auch beim Laden selbst ist Vorsicht angebracht. Nur geeignete Ladeger\u00e4te verwenden, Akkus nicht auf brennbaren Unterlagen laden und E-Bike- oder E-Scooter-Akkus m\u00f6glichst nicht unbeaufsichtigt \u00fcber viele Stunden laden. Gro\u00dfe Hitze und direkte Sonneneinstrahlung sollten ebenfalls vermieden werden.<br><br><\/div>\n<div><strong>Die untersch\u00e4tzte Gefahr steckt im M\u00fcll<\/strong><\/div>\n<div>&nbsp;<\/div>\n<div>Besonders gro\u00dfe Sorgen bereitet den Feuerwehren mittlerweile aber ein anderes Problem: falsch entsorgte Akkus.<br><br>Eine alte Powerbank, eine E-Zigarette, ein Handy oder ein kleines Spielzeug landen schnell einmal im Restm\u00fcll. Was f\u00fcr den Einzelnen nach einer Kleinigkeit aussieht, kann in einem M\u00fcllfahrzeug oder Recyclingbetrieb dramatische Folgen haben.<\/div>\n<div>&nbsp;<\/div>\n<div>Beim Sortieren, Pressen oder Shreddern werden die Akkus mechanisch belastet. Ein Kurzschluss kann die gespeicherte Energie freisetzen und einen Brand ausl\u00f6sen.<br><br>Wie real diese Gefahr ist, zeigte erst im Juli 2026 ein Brand im Altstoffsammelzentrum Purgstall. Dort entz\u00fcndete sich nach den bisherigen Informationen der Akku eines falsch entsorgten Hoverboards.<\/div>\n<div>&nbsp;<\/div>\n<div>Auch Gro\u00dfbr\u00e4nde beim Recyclingunternehmen Metran in Kematen im Dezember 2024 und Februar 2026 haben eindrucksvoll gezeigt, mit welchen Dimensionen Feuerwehren bei Br\u00e4nden in Entsorgungsbetrieben konfrontiert sein k\u00f6nnen. In beiden F\u00e4llen wurden eindeutig Lithium-Ionen Akkus als Brandursache identifiziert.<br><br>Die Zahlen zeigen jedenfalls die Dimension des Problems: In \u00d6sterreich landen Sch\u00e4tzungen zufolge j\u00e4hrlich rund drei Millionen Lithium-Batterien und -Akkus im Restm\u00fcll. 2025 wurden rund 36 gr\u00f6\u00dfere Br\u00e4nde in Entsorgungsbetrieben registriert, bei denen falsch entsorgte Akkus zumindest als m\u00f6gliche Ursache vermutet wurden.<\/div>\n<div><strong>&nbsp;<\/strong><\/div>\n<div><strong>Ein kleiner Akku kann einen gro\u00dfen Einsatz ausl\u00f6sen<br><br><\/strong><\/div>\n<div>Die wichtigste Botschaft der Feuerwehren ist daher einfach:&nbsp;Lithium-Akkus geh\u00f6ren niemals in den Restm\u00fcll!<br><br>Alte Akkus und Elektroger\u00e4te m\u00fcssen bei den daf\u00fcr vorgesehenen Sammelstellen abgegeben werden. Bei herausnehmbaren Akkus sollten die Kontakte gegen Kurzschluss gesichert werden. Ist der Akku fest im Ger\u00e4t verbaut, geh\u00f6rt das komplette Ger\u00e4t in die entsprechende Sammlung. In \u00d6sterreich stehen daf\u00fcr rund 2.000 kommunale Sammelstellen zur Verf\u00fcgung.<\/div>\n<div>&nbsp;<\/div>\n<div>Lithium-Ionen-Akkus sind eine wichtige Technologie unserer Zeit. Die Feuerwehr will deshalb nicht vor den Akkus selbst warnen, sondern vor einem sorglosen Umgang damit.<\/div>\n<div>&nbsp;<\/div>\n<div>Nicht besch\u00e4digt weiterverwenden. Nicht falsch laden. Nicht \u00fcberhitzen. Und vor allem: Nicht in den Restm\u00fcll werfen.<\/div>\n<div>&nbsp;<\/div>\n<div>Denn ein Akku, der richtig entsorgt wird, ist ein wertvoller Rohstoff.<br>Ein Akku im Restm\u00fcll kann dagegen zum Z\u00fcndfunken werden \u2013 und aus einem kleinen Energiespeicher einen gro\u00dfen Feuerwehreinsatz machen.<\/div>\t\t\t\t\t\t\t\t<\/div>\n\t\t\t\t<\/div>\n\t\t\t\t\t<\/div>\n\t\t<\/div>\n\t\t\t\t\t<\/div>\n\t\t<\/section>\n\t\t\t\t<\/div>\n\t\t","protected":false},"excerpt":{"rendered":"<p>Foto (Archiv): Abschnittsfeuerwehrkommandant Stefan Schaub mit Karl Etlinger &#8222;Lithium-Ionen-Akkus sind aus unserem Alltag nicht mehr wegzudenken. F\u00fcr die Feuerwehren werden falsch gelagerte, besch\u00e4digte oder entsorgte Akkus aber zunehmend zum Problem&#8220;, informiert Abschnittsfeuerwehrkommandant Stefan Schaub, im Bezirksfeuerwehrkommando Amstetten zust\u00e4ndiger Experte f\u00fcr Vorbeugenden Brandschutz. Feuerwehrmann Stefan Schaub informiert: Handy, E-Bike, Akkuschrauber, Laptop, E-Zigarette oder elektrische Zahnb\u00fcrste \u2013 [&hellip;]<\/p>\n","protected":false},"author":2,"featured_media":4684,"comment_status":"closed","ping_status":"open","sticky":false,"template":"","format":"standard","meta":{"footnotes":""},"categories":[1],"tags":[],"class_list":["post-4683","post","type-post","status-publish","format-standard","has-post-thumbnail","hentry","category-aktuelles"],"_links":{"self":[{"href":"https:\/\/www.ff-preinsbach.at\/webneu\/wp-json\/wp\/v2\/posts\/4683","targetHints":{"allow":["GET"]}}],"collection":[{"href":"https:\/\/www.ff-preinsbach.at\/webneu\/wp-json\/wp\/v2\/posts"}],"about":[{"href":"https:\/\/www.ff-preinsbach.at\/webneu\/wp-json\/wp\/v2\/types\/post"}],"author":[{"embeddable":true,"href":"https:\/\/www.ff-preinsbach.at\/webneu\/wp-json\/wp\/v2\/users\/2"}],"replies":[{"embeddable":true,"href":"https:\/\/www.ff-preinsbach.at\/webneu\/wp-json\/wp\/v2\/comments?post=4683"}],"version-history":[{"count":4,"href":"https:\/\/www.ff-preinsbach.at\/webneu\/wp-json\/wp\/v2\/posts\/4683\/revisions"}],"predecessor-version":[{"id":4688,"href":"https:\/\/www.ff-preinsbach.at\/webneu\/wp-json\/wp\/v2\/posts\/4683\/revisions\/4688"}],"wp:featuredmedia":[{"embeddable":true,"href":"https:\/\/www.ff-preinsbach.at\/webneu\/wp-json\/wp\/v2\/media\/4684"}],"wp:attachment":[{"href":"https:\/\/www.ff-preinsbach.at\/webneu\/wp-json\/wp\/v2\/media?parent=4683"}],"wp:term":[{"taxonomy":"category","embeddable":true,"href":"https:\/\/www.ff-preinsbach.at\/webneu\/wp-json\/wp\/v2\/categories?post=4683"},{"taxonomy":"post_tag","embeddable":true,"href":"https:\/\/www.ff-preinsbach.at\/webneu\/wp-json\/wp\/v2\/tags?post=4683"}],"curies":[{"name":"wp","href":"https:\/\/api.w.org\/{rel}","templated":true}]}}