{"id":4250,"date":"2026-04-24T10:39:02","date_gmt":"2026-04-24T08:39:02","guid":{"rendered":"https:\/\/www.ff-preinsbach.at\/webneu\/?p=4250"},"modified":"2026-04-24T10:41:28","modified_gmt":"2026-04-24T08:41:28","slug":"jubilaeumsfeuerwehr-preinsbach-vom-land-geehrt","status":"publish","type":"post","link":"https:\/\/www.ff-preinsbach.at\/webneu\/jubilaeumsfeuerwehr-preinsbach-vom-land-geehrt\/","title":{"rendered":"Jubil\u00e4umsfeuerwehr Preinsbach vom Land geehrt"},"content":{"rendered":"\t\t<div data-elementor-type=\"wp-post\" data-elementor-id=\"4250\" class=\"elementor elementor-4250\">\n\t\t\t\t\t\t<section class=\"elementor-section elementor-top-section elementor-element elementor-element-721e6886 elementor-section-boxed elementor-section-height-default elementor-section-height-default exad-glass-effect-no exad-sticky-section-no\" data-id=\"721e6886\" data-element_type=\"section\" data-e-type=\"section\">\n\t\t\t\t\t\t<div class=\"elementor-container elementor-column-gap-default\">\n\t\t\t\t\t<div class=\"elementor-column elementor-col-100 elementor-top-column elementor-element elementor-element-4d70939 exad-glass-effect-no exad-sticky-section-no\" data-id=\"4d70939\" data-element_type=\"column\" data-e-type=\"column\">\n\t\t\t<div class=\"elementor-widget-wrap elementor-element-populated\">\n\t\t\t\t\t\t<div class=\"elementor-element elementor-element-d4bfb1d exad-sticky-section-no exad-glass-effect-no elementor-widget elementor-widget-text-editor\" data-id=\"d4bfb1d\" data-element_type=\"widget\" data-e-type=\"widget\" data-widget_type=\"text-editor.default\">\n\t\t\t\t<div class=\"elementor-widget-container\">\n\t\t\t\t\t\t\t\t\t<div><div><div data-olk-copy-source=\"MessageBody\"><p>Bei einem Festakt in Tulln wurden die JUBIL\u00c4USMFEUERWEHREN 2026 von der Landesregierung und der \u201eFeuerwehr-Hierarchie\u201c geehrt &#8211; darunter auch die FF Preinsbach, die heuer ihr 100-Jahr-Jubil\u00e4um feiert.<\/p><p>Landeshauptfrau Johanna Mikl-Leitner, Landesfeuerwehrkommandant Dietmar Fahrafellner und Bezirksfeuerwehrkommandant Rudolf Katzengruber dankten den Feuerwehren aus dem Bezirk Amstetten f\u00fcr ihren Einsatz und w\u00fcnschen viel Freude bei den Feierlichkeiten!<\/p><\/div><div>\u201eDie Feuerwehr hat seit so vielen Jahrzehnten Bestand, weil sie den Mut hat, zu helfen, den Willen, Gutes zu tun, und da zu sein f\u00fcr die Menschen, wenn sie Hilfe brauchen\u201c, sagte Landeshauptfrau Johanna Mikl-Leitner. Die Kameradinnen und Kameraden seien gro\u00dfe Vorbilder: \u201eEs ist betr\u00e4chtlich, dass die 105.000 N\u00d6-Feuerwehrmitglieder 365 Tage im Jahr 24\/7 im Einsatz sind, es ist immer wieder beeindruckend, dass alle acht Minuten eine Feuerwehr zum Einsatz ausr\u00fcckt.\u201c<\/div><div>\u00a0<\/div><\/div><\/div><div><div><div>25-j\u00e4hrige T\u00e4tigkeit in der Feuerwehrjugendarbeit<\/div><div>FF Seitenstetten\/Markt<\/div><div>FF Ernsthofen<\/div><div>\u00a0<\/div><div>Jubil\u00e4umsurkunde Feuerwehren<\/div><div>100j\u00e4hriges Gr\u00fcndungsjubil\u00e4um<\/div><div>FF Aigen<\/div><div>FF Preinsbach<\/div><div>FF Wachtberg<\/div><div>\u00a0<\/div><div>125j\u00e4hriges Gr\u00fcndungsjubil\u00e4um<\/div><div>FF St. Georgen\/Ybbsfelde<\/div><div>\u00a0<\/div><div>140j\u00e4hriges Gr\u00fcndungsjubil\u00e4um<\/div><div>FF Ulmerfeld\/Hausmening<\/div><\/div><\/div>\t\t\t\t\t\t\t\t<\/div>\n\t\t\t\t<\/div>\n\t\t\t\t\t<\/div>\n\t\t<\/div>\n\t\t\t\t\t<\/div>\n\t\t<\/section>\n\t\t\t\t<section class=\"elementor-section elementor-top-section elementor-element elementor-element-33b07ce3 elementor-section-boxed elementor-section-height-default elementor-section-height-default exad-glass-effect-no exad-sticky-section-no\" data-id=\"33b07ce3\" data-element_type=\"section\" data-e-type=\"section\">\n\t\t\t\t\t\t<div class=\"elementor-container elementor-column-gap-default\">\n\t\t\t\t\t<div class=\"elementor-column elementor-col-100 elementor-top-column elementor-element elementor-element-1f350936 exad-glass-effect-no exad-sticky-section-no\" data-id=\"1f350936\" data-element_type=\"column\" data-e-type=\"column\">\n\t\t\t<div class=\"elementor-widget-wrap elementor-element-populated\">\n\t\t\t\t\t\t<div class=\"elementor-element elementor-element-46d8db51 gallery-spacing-custom animated-slow exad-sticky-section-no exad-glass-effect-no elementor-invisible elementor-widget elementor-widget-image-gallery\" data-id=\"46d8db51\" data-element_type=\"widget\" data-e-type=\"widget\" data-settings=\"{&quot;_animation&quot;:&quot;fadeIn&quot;}\" data-widget_type=\"image-gallery.default\">\n\t\t\t\t<div class=\"elementor-widget-container\">\n\t\t\t\t\t\t\t<div class=\"elementor-image-gallery\">\n\t\t\t\n<a data-elementor-open-lightbox=\"yes\" data-elementor-lightbox-slideshow=\"46d8db51\" data-elementor-lightbox-title=\"WhatsApp Image 2026-04-24 at 08.31.34\" data-e-action-hash=\"#elementor-action%3Aaction%3Dlightbox%26settings%3DeyJpZCI6NDI1MywidXJsIjoiaHR0cHM6XC9cL3d3dy5mZi1wcmVpbnNiYWNoLmF0XC93ZWJuZXVcL3dwLWNvbnRlbnRcL3VwbG9hZHNcLzIwMjZcLzA0XC9XaGF0c0FwcC1JbWFnZS0yMDI2LTA0LTI0LWF0LTA4LjMxLjM0LmpwZWciLCJzbGlkZXNob3ciOiI0NmQ4ZGI1MSJ9\" href='https:\/\/www.ff-preinsbach.at\/webneu\/wp-content\/uploads\/2026\/04\/WhatsApp-Image-2026-04-24-at-08.31.34.jpeg'><img decoding=\"async\" width=\"150\" height=\"150\" src=\"https:\/\/www.ff-preinsbach.at\/webneu\/wp-content\/uploads\/2026\/04\/WhatsApp-Image-2026-04-24-at-08.31.34-150x150.jpeg\" class=\"attachment-thumbnail size-thumbnail\" alt=\"\" \/><\/a>\n<a data-elementor-open-lightbox=\"yes\" data-elementor-lightbox-slideshow=\"46d8db51\" data-elementor-lightbox-title=\"WhatsApp Image 2026-04-24 at 08.31.35 (1)\" data-e-action-hash=\"#elementor-action%3Aaction%3Dlightbox%26settings%3DeyJpZCI6NDI1NCwidXJsIjoiaHR0cHM6XC9cL3d3dy5mZi1wcmVpbnNiYWNoLmF0XC93ZWJuZXVcL3dwLWNvbnRlbnRcL3VwbG9hZHNcLzIwMjZcLzA0XC9XaGF0c0FwcC1JbWFnZS0yMDI2LTA0LTI0LWF0LTA4LjMxLjM1LTEtMS5qcGVnIiwic2xpZGVzaG93IjoiNDZkOGRiNTEifQ%3D%3D\" href='https:\/\/www.ff-preinsbach.at\/webneu\/wp-content\/uploads\/2026\/04\/WhatsApp-Image-2026-04-24-at-08.31.35-1-1.jpeg'><img decoding=\"async\" width=\"150\" height=\"150\" src=\"https:\/\/www.ff-preinsbach.at\/webneu\/wp-content\/uploads\/2026\/04\/WhatsApp-Image-2026-04-24-at-08.31.35-1-1-150x150.jpeg\" class=\"attachment-thumbnail size-thumbnail\" alt=\"\" \/><\/a>\n<a data-elementor-open-lightbox=\"yes\" data-elementor-lightbox-slideshow=\"46d8db51\" data-elementor-lightbox-title=\"Feuerwehren gew\u00fcrdigt\" data-e-action-hash=\"#elementor-action%3Aaction%3Dlightbox%26settings%3DeyJpZCI6NDI1NSwidXJsIjoiaHR0cHM6XC9cL3d3dy5mZi1wcmVpbnNiYWNoLmF0XC93ZWJuZXVcL3dwLWNvbnRlbnRcL3VwbG9hZHNcLzIwMjZcLzA0XC9GZXVlcndlaHJlbi1nZXd1ZXJkaWd0LXNjYWxlZC5qcGciLCJzbGlkZXNob3ciOiI0NmQ4ZGI1MSJ9\" href='https:\/\/www.ff-preinsbach.at\/webneu\/wp-content\/uploads\/2026\/04\/Feuerwehren-gewuerdigt-scaled.jpg'><img decoding=\"async\" width=\"150\" height=\"150\" src=\"https:\/\/www.ff-preinsbach.at\/webneu\/wp-content\/uploads\/2026\/04\/Feuerwehren-gewuerdigt-150x150.jpg\" class=\"attachment-thumbnail size-thumbnail\" alt=\"\" \/><\/a>\n\t\t<\/div>\n\t\t\t\t\t\t<\/div>\n\t\t\t\t<\/div>\n\t\t\t\t\t<\/div>\n\t\t<\/div>\n\t\t\t\t\t<\/div>\n\t\t<\/section>\n\t\t\t\t<\/div>\n\t\t","protected":false},"excerpt":{"rendered":"<p>Bei einem Festakt in Tulln wurden die JUBIL\u00c4USMFEUERWEHREN 2026 von der Landesregierung und der \u201eFeuerwehr-Hierarchie\u201c geehrt &#8211; darunter auch die FF Preinsbach, die heuer ihr 100-Jahr-Jubil\u00e4um feiert. Landeshauptfrau Johanna Mikl-Leitner, Landesfeuerwehrkommandant Dietmar Fahrafellner und Bezirksfeuerwehrkommandant Rudolf Katzengruber dankten den Feuerwehren aus dem Bezirk Amstetten f\u00fcr ihren Einsatz und w\u00fcnschen viel Freude bei den Feierlichkeiten! \u201eDie [&hellip;]<\/p>\n","protected":false},"author":2,"featured_media":4251,"comment_status":"closed","ping_status":"open","sticky":false,"template":"","format":"standard","meta":{"footnotes":""},"categories":[1],"tags":[],"class_list":["post-4250","post","type-post","status-publish","format-standard","has-post-thumbnail","hentry","category-aktuelles"],"_links":{"self":[{"href":"https:\/\/www.ff-preinsbach.at\/webneu\/wp-json\/wp\/v2\/posts\/4250","targetHints":{"allow":["GET"]}}],"collection":[{"href":"https:\/\/www.ff-preinsbach.at\/webneu\/wp-json\/wp\/v2\/posts"}],"about":[{"href":"https:\/\/www.ff-preinsbach.at\/webneu\/wp-json\/wp\/v2\/types\/post"}],"author":[{"embeddable":true,"href":"https:\/\/www.ff-preinsbach.at\/webneu\/wp-json\/wp\/v2\/users\/2"}],"replies":[{"embeddable":true,"href":"https:\/\/www.ff-preinsbach.at\/webneu\/wp-json\/wp\/v2\/comments?post=4250"}],"version-history":[{"count":4,"href":"https:\/\/www.ff-preinsbach.at\/webneu\/wp-json\/wp\/v2\/posts\/4250\/revisions"}],"predecessor-version":[{"id":4258,"href":"https:\/\/www.ff-preinsbach.at\/webneu\/wp-json\/wp\/v2\/posts\/4250\/revisions\/4258"}],"wp:featuredmedia":[{"embeddable":true,"href":"https:\/\/www.ff-preinsbach.at\/webneu\/wp-json\/wp\/v2\/media\/4251"}],"wp:attachment":[{"href":"https:\/\/www.ff-preinsbach.at\/webneu\/wp-json\/wp\/v2\/media?parent=4250"}],"wp:term":[{"taxonomy":"category","embeddable":true,"href":"https:\/\/www.ff-preinsbach.at\/webneu\/wp-json\/wp\/v2\/categories?post=4250"},{"taxonomy":"post_tag","embeddable":true,"href":"https:\/\/www.ff-preinsbach.at\/webneu\/wp-json\/wp\/v2\/tags?post=4250"}],"curies":[{"name":"wp","href":"https:\/\/api.w.org\/{rel}","templated":true}]}}