{"id":4244,"date":"2026-04-24T10:30:06","date_gmt":"2026-04-24T08:30:06","guid":{"rendered":"https:\/\/www.ff-preinsbach.at\/webneu\/?p=4244"},"modified":"2026-04-24T10:32:54","modified_gmt":"2026-04-24T08:32:54","slug":"floriani-messe-am-30-april-in-der-st-agatha-kirche","status":"publish","type":"post","link":"https:\/\/www.ff-preinsbach.at\/webneu\/floriani-messe-am-30-april-in-der-st-agatha-kirche\/","title":{"rendered":"Floriani-Messe am 30. April in der St. Agatha-Kirche"},"content":{"rendered":"\t\t<div data-elementor-type=\"wp-post\" data-elementor-id=\"4244\" class=\"elementor elementor-4244\">\n\t\t\t\t\t\t<section class=\"elementor-section elementor-top-section elementor-element elementor-element-4809e145 elementor-section-boxed elementor-section-height-default elementor-section-height-default exad-glass-effect-no exad-sticky-section-no\" data-id=\"4809e145\" data-element_type=\"section\" data-e-type=\"section\">\n\t\t\t\t\t\t<div class=\"elementor-container elementor-column-gap-default\">\n\t\t\t\t\t<div class=\"elementor-column elementor-col-50 elementor-top-column elementor-element elementor-element-6f888977 exad-glass-effect-no exad-sticky-section-no\" data-id=\"6f888977\" data-element_type=\"column\" data-e-type=\"column\">\n\t\t\t<div class=\"elementor-widget-wrap elementor-element-populated\">\n\t\t\t\t\t\t<div class=\"elementor-element elementor-element-12aa33d0 exad-sticky-section-no exad-glass-effect-no elementor-invisible elementor-widget elementor-widget-image\" data-id=\"12aa33d0\" data-element_type=\"widget\" data-e-type=\"widget\" data-settings=\"{&quot;_animation&quot;:&quot;rotateIn&quot;}\" data-widget_type=\"image.default\">\n\t\t\t\t<div class=\"elementor-widget-container\">\n\t\t\t\t\t\t\t\t\t\t\t\t\t\t\t<img fetchpriority=\"high\" decoding=\"async\" width=\"800\" height=\"804\" src=\"https:\/\/www.ff-preinsbach.at\/webneu\/wp-content\/uploads\/2026\/04\/4.jpg\" class=\"attachment-large size-large wp-image-4245\" alt=\"\" srcset=\"https:\/\/www.ff-preinsbach.at\/webneu\/wp-content\/uploads\/2026\/04\/4.jpg 814w, https:\/\/www.ff-preinsbach.at\/webneu\/wp-content\/uploads\/2026\/04\/4-150x150.jpg 150w, https:\/\/www.ff-preinsbach.at\/webneu\/wp-content\/uploads\/2026\/04\/4-768x772.jpg 768w\" sizes=\"(max-width: 800px) 100vw, 800px\" \/>\t\t\t\t\t\t\t\t\t\t\t\t\t\t\t<\/div>\n\t\t\t\t<\/div>\n\t\t\t\t\t<\/div>\n\t\t<\/div>\n\t\t\t\t<div class=\"elementor-column elementor-col-50 elementor-top-column elementor-element elementor-element-2a993450 exad-glass-effect-no exad-sticky-section-no\" data-id=\"2a993450\" data-element_type=\"column\" data-e-type=\"column\">\n\t\t\t<div class=\"elementor-widget-wrap elementor-element-populated\">\n\t\t\t\t\t\t<div class=\"elementor-element elementor-element-305d4e94 exad-sticky-section-no exad-glass-effect-no elementor-widget elementor-widget-text-editor\" data-id=\"305d4e94\" data-element_type=\"widget\" data-e-type=\"widget\" data-widget_type=\"text-editor.default\">\n\t\t\t\t<div class=\"elementor-widget-container\">\n\t\t\t\t\t\t\t\t\t<div class=\"row topBar\">\n<div class=\"detailText col-sm-5 col-sm-pull-6\">\n<div class=\"modTeaser\">\n<div class=\"swslang\">\n<p><i><b>Die Feuerwehren Preinsbach und Boxhofen laden am 30. April um 19.30 Uhr zur heiligen Messe in Gedenken an ihren Schutzpatron ein.<\/b><\/i><\/p>\n<\/div>\n<\/div>\n<\/div>\n<\/div>\n<div class=\"row\">\n<div class=\"modBody col-sm-12\">\n<div class=\"swslang\">\n<p>Florian war Offizier der r\u00f6mischen Armee und diente als Amtsvorsteher in der r\u00f6mischen Provinz Ufer-Noricum. Nach seiner Pensionierung, die wom\u00f6glich erfolgte, da er sich als Christ bekannte, lebte er in Aelium Cetium, dem heutigen St. P\u00f6lten. Unter Diokletian kam es zu weitreichenden Christenverfolgungen (303-304) im R\u00f6mischen Reich. Auch in Lauriacum, dem heutigen Lorch &#8211; einem Stadtteil von Enns &#8211; wurden 40 Christen ausgeforscht und im Auftrag des Statthalter Aqulinius festgenommen. Florian eilte den unter Martern Inhaftierten zu Hilfe, doch auch er wurde verhaftet, da er sich weigerte dem Christentum abzuschw\u00f6ren. Florian wurde der \u00dcberlieferung nach mit Kn\u00fcppeln geschlagen, seine Schulterbl\u00e4tter mit gesch\u00e4rften Eisen gebrochen, schlie\u00dflich wurde er zum Tode verurteilt und von einem jungen Mann mit einem Stein um den Hals von einer Br\u00fccke in die Enns gesto\u00dfen, nachdem sich andere Soldaten aus Ehrfurcht im Angesicht des betenden Florian geweigert hatten, das Todesurteil zu vollstrecken.<\/p>\n<p>In der Nacht nach seiner Hinrichtung soll Florian Valeria erschienen sein, einer frommen Frau, mit der Aufforderung, ihn zu bestatten, was diese auf ihrem Landgut tat. \u00dcber Florians Grab wurde zun\u00e4chst wohl eine Holzkapelle errichtet. Im 8. Jahrhundert entstand \u00fcber der vermutlichen Grabst\u00e4tte das Augustiner Chorherrenstift St. Florian. Der Ort wurde im Hochmittelalter zum Wahlfahrtsort. Auch wenn Florian heute als Schutzpatron gegen die Gefahr des Feuers bekannt ist, wurde er urspr\u00fcnglich gegen Wassergefahr angerufen, woraus sich das Feuer-Patronat entwickelt hat.<\/p>\n<p>Der katholische Gedenktag des Heiligen Florian ist der 4. Mai.&nbsp;<\/p>\n<\/div>\n<\/div>\n<\/div>\t\t\t\t\t\t\t\t<\/div>\n\t\t\t\t<\/div>\n\t\t\t\t\t<\/div>\n\t\t<\/div>\n\t\t\t\t\t<\/div>\n\t\t<\/section>\n\t\t\t\t<\/div>\n\t\t","protected":false},"excerpt":{"rendered":"<p>Die Feuerwehren Preinsbach und Boxhofen laden am 30. April um 19.30 Uhr zur heiligen Messe in Gedenken an ihren Schutzpatron ein. Florian war Offizier der r\u00f6mischen Armee und diente als Amtsvorsteher in der r\u00f6mischen Provinz Ufer-Noricum. Nach seiner Pensionierung, die wom\u00f6glich erfolgte, da er sich als Christ bekannte, lebte er in Aelium Cetium, dem heutigen [&hellip;]<\/p>\n","protected":false},"author":2,"featured_media":4245,"comment_status":"closed","ping_status":"open","sticky":false,"template":"","format":"standard","meta":{"footnotes":""},"categories":[1],"tags":[],"class_list":["post-4244","post","type-post","status-publish","format-standard","has-post-thumbnail","hentry","category-aktuelles"],"_links":{"self":[{"href":"https:\/\/www.ff-preinsbach.at\/webneu\/wp-json\/wp\/v2\/posts\/4244","targetHints":{"allow":["GET"]}}],"collection":[{"href":"https:\/\/www.ff-preinsbach.at\/webneu\/wp-json\/wp\/v2\/posts"}],"about":[{"href":"https:\/\/www.ff-preinsbach.at\/webneu\/wp-json\/wp\/v2\/types\/post"}],"author":[{"embeddable":true,"href":"https:\/\/www.ff-preinsbach.at\/webneu\/wp-json\/wp\/v2\/users\/2"}],"replies":[{"embeddable":true,"href":"https:\/\/www.ff-preinsbach.at\/webneu\/wp-json\/wp\/v2\/comments?post=4244"}],"version-history":[{"count":4,"href":"https:\/\/www.ff-preinsbach.at\/webneu\/wp-json\/wp\/v2\/posts\/4244\/revisions"}],"predecessor-version":[{"id":4249,"href":"https:\/\/www.ff-preinsbach.at\/webneu\/wp-json\/wp\/v2\/posts\/4244\/revisions\/4249"}],"wp:featuredmedia":[{"embeddable":true,"href":"https:\/\/www.ff-preinsbach.at\/webneu\/wp-json\/wp\/v2\/media\/4245"}],"wp:attachment":[{"href":"https:\/\/www.ff-preinsbach.at\/webneu\/wp-json\/wp\/v2\/media?parent=4244"}],"wp:term":[{"taxonomy":"category","embeddable":true,"href":"https:\/\/www.ff-preinsbach.at\/webneu\/wp-json\/wp\/v2\/categories?post=4244"},{"taxonomy":"post_tag","embeddable":true,"href":"https:\/\/www.ff-preinsbach.at\/webneu\/wp-json\/wp\/v2\/tags?post=4244"}],"curies":[{"name":"wp","href":"https:\/\/api.w.org\/{rel}","templated":true}]}}